{"id":51649,"date":"2021-12-22T13:42:03","date_gmt":"2021-12-22T13:42:03","guid":{"rendered":"https:\/\/progegroup.com\/bonnes-fetes-de-la-part-de-progegroup\/"},"modified":"2021-12-22T16:15:39","modified_gmt":"2021-12-22T16:15:39","slug":"bonnes-fetes-de-la-part-de-progegroup","status":"publish","type":"post","link":"https:\/\/progegroup.com\/fr\/bonnes-fetes-de-la-part-de-progegroup\/","title":{"rendered":"BONNES F\u00caTES DE LA PART DE PROGEGROUP"},"content":{"rendered":"<p>[et_pb_section fb_built=\u00a0\u00bb1&Prime; _builder_version=\u00a0\u00bb4.10.8&Prime; _module_preset=\u00a0\u00bbdefault\u00a0\u00bb global_colors_info=\u00a0\u00bb{}\u00a0\u00bb][et_pb_row column_structure=\u00a0\u00bb1_2,1_2&Prime; _builder_version=\u00a0\u00bb4.10.8&Prime; _module_preset=\u00a0\u00bbdefault\u00a0\u00bb global_colors_info=\u00a0\u00bb{}\u00a0\u00bb][et_pb_column type=\u00a0\u00bb1_2&Prime; _builder_version=\u00a0\u00bb4.10.8&Prime; _module_preset=\u00a0\u00bbdefault\u00a0\u00bb global_colors_info=\u00a0\u00bb{}\u00a0\u00bb][et_pb_image src=\u00a0\u00bbhttps:\/\/progegroup.com\/wp-content\/uploads\/2021\/12\/immagine-firma-natale.jpg\u00a0\u00bb title_text=\u00a0\u00bbJoyeuses f\u00eates!\u00a0\u00bb _builder_version=\u00a0\u00bb4.14.1&Prime; _module_preset=\u00a0\u00bbdefault\u00a0\u00bb global_colors_info=\u00a0\u00bb{}\u00a0\u00bb][\/et_pb_image][\/et_pb_column][et_pb_column type=\u00a0\u00bb1_2&Prime; _builder_version=\u00a0\u00bb4.10.8&Prime; _module_preset=\u00a0\u00bbdefault\u00a0\u00bb global_colors_info=\u00a0\u00bb{}\u00a0\u00bb][et_pb_text _builder_version=\u00a0\u00bb4.14.1&Prime; _module_preset=\u00a0\u00bbdefault\u00a0\u00bb global_colors_info=\u00a0\u00bb{}\u00a0\u00bb]<\/p>\n<p>L&rsquo;\u00e9quipe de Progegroup souhaite \u00e0 ses partenaires et clients de bonnes f\u00eates de fin d&rsquo;ann\u00e9e et une bonne ann\u00e9e!<\/p>\n<p>Nous serons ferm\u00e9s le 24\/12 et le 31\/12 et nous garantirons nos services pendant toute la p\u00e9riode des f\u00eates.<\/p>\n<p>[\/et_pb_text][\/et_pb_column][\/et_pb_row][\/et_pb_section]<\/p>\n","protected":false},"excerpt":{"rendered":"<p>L&rsquo;\u00e9quipe de Progegroup souhaite \u00e0 ses partenaires et clients de bonnes f\u00eates de fin d&rsquo;ann\u00e9e et une bonne ann\u00e9e! Nous serons ferm\u00e9s le 24\/12 et le 31\/12 et nous garantirons nos services pendant toute la p\u00e9riode des f\u00eates.<\/p>\n","protected":false},"author":3,"featured_media":51660,"comment_status":"open","ping_status":"open","sticky":false,"template":"","format":"standard","meta":{"_et_pb_use_builder":"on","_et_pb_old_content":"","_et_gb_content_width":"","footnotes":""},"categories":[1],"tags":[],"class_list":["post-51649","post","type-post","status-publish","format-standard","has-post-thumbnail","hentry","category-non-categorizzato"],"_links":{"self":[{"href":"https:\/\/progegroup.com\/fr\/wp-json\/wp\/v2\/posts\/51649","targetHints":{"allow":["GET"]}}],"collection":[{"href":"https:\/\/progegroup.com\/fr\/wp-json\/wp\/v2\/posts"}],"about":[{"href":"https:\/\/progegroup.com\/fr\/wp-json\/wp\/v2\/types\/post"}],"author":[{"embeddable":true,"href":"https:\/\/progegroup.com\/fr\/wp-json\/wp\/v2\/users\/3"}],"replies":[{"embeddable":true,"href":"https:\/\/progegroup.com\/fr\/wp-json\/wp\/v2\/comments?post=51649"}],"version-history":[{"count":0,"href":"https:\/\/progegroup.com\/fr\/wp-json\/wp\/v2\/posts\/51649\/revisions"}],"wp:featuredmedia":[{"embeddable":true,"href":"https:\/\/progegroup.com\/fr\/wp-json\/wp\/v2\/media\/51660"}],"wp:attachment":[{"href":"https:\/\/progegroup.com\/fr\/wp-json\/wp\/v2\/media?parent=51649"}],"wp:term":[{"taxonomy":"category","embeddable":true,"href":"https:\/\/progegroup.com\/fr\/wp-json\/wp\/v2\/categories?post=51649"},{"taxonomy":"post_tag","embeddable":true,"href":"https:\/\/progegroup.com\/fr\/wp-json\/wp\/v2\/tags?post=51649"}],"curies":[{"name":"wp","href":"https:\/\/api.w.org\/{rel}","templated":true}]}}