{"id":53667,"date":"2024-10-08T07:57:38","date_gmt":"2024-10-08T07:57:38","guid":{"rendered":"https:\/\/progegroup.com\/aluminium-exhibition-2024\/"},"modified":"2024-10-08T08:04:24","modified_gmt":"2024-10-08T08:04:24","slug":"aluminium-exhibition-2024","status":"publish","type":"post","link":"https:\/\/progegroup.com\/fr\/aluminium-exhibition-2024\/","title":{"rendered":"Aluminium Exhibition 2024"},"content":{"rendered":"<p>[et_pb_section fb_built=\u00a0\u00bb1&Prime; _builder_version=\u00a0\u00bb4.16&Prime; _module_preset=\u00a0\u00bbdefault\u00a0\u00bb global_colors_info=\u00a0\u00bb{}\u00a0\u00bb][et_pb_row _builder_version=\u00a0\u00bb4.16&Prime; _module_preset=\u00a0\u00bbdefault\u00a0\u00bb min_height=\u00a0\u00bb244.4px\u00a0\u00bb custom_padding=\u00a0\u00bb||21px|||\u00a0\u00bb global_colors_info=\u00a0\u00bb{}\u00a0\u00bb][et_pb_column type=\u00a0\u00bb4_4&Prime; _builder_version=\u00a0\u00bb4.16&Prime; _module_preset=\u00a0\u00bbdefault\u00a0\u00bb global_colors_info=\u00a0\u00bb{}\u00a0\u00bb][et_pb_text _builder_version=\u00a0\u00bb4.25.0&Prime; _module_preset=\u00a0\u00bbdefault\u00a0\u00bb custom_padding=\u00a0\u00bb|||0px||\u00a0\u00bb global_colors_info=\u00a0\u00bb{}\u00a0\u00bb]<\/p>\n<p><strong>PROGEGROUP<\/strong> a le plaisir d&rsquo;annoncer sa pr\u00e9sence au salon Aluminium 2024 \u00e0 D\u00fcsseldorf, en Allemagne.<\/p>\n<p>Notre derni\u00e8re acquisition , <a href=\"https:\/\/progegroup.com\/fr\/samis-system\/\"><strong>SAMIS SYSTEMS<\/strong><\/a>, sera au centre de notre pr\u00e9sentation.<br \/>Le vaste r\u00e9pertoire de Samis comprend des lignes de demboutissage et des lignes de coupe de bobines en aluminium et en acier, des syst\u00e8mes de palettisation, des moules et tous les accessoires n\u00e9cessaires pour la production de disques.<\/p>\n<p>Visitez-nous du 8 au 10 octobre 2024 au stand 5N11, Hall 5!<\/p>\n<p>[\/et_pb_text][\/et_pb_column][\/et_pb_row][et_pb_row _builder_version=\u00a0\u00bb4.16&Prime; _module_preset=\u00a0\u00bbdefault\u00a0\u00bb custom_padding=\u00a0\u00bb||21px|||\u00a0\u00bb global_colors_info=\u00a0\u00bb{}\u00a0\u00bb][et_pb_column type=\u00a0\u00bb4_4&Prime; _builder_version=\u00a0\u00bb4.16&Prime; _module_preset=\u00a0\u00bbdefault\u00a0\u00bb global_colors_info=\u00a0\u00bb{}\u00a0\u00bb][et_pb_text _builder_version=\u00a0\u00bb4.25.0&Prime; _module_preset=\u00a0\u00bbdefault\u00a0\u00bb custom_padding=\u00a0\u00bb|||0px||\u00a0\u00bb global_colors_info=\u00a0\u00bb{}\u00a0\u00bb]<\/p>\n<p><img decoding=\"async\" src=\"https:\/\/progegroup.com\/wp-content\/uploads\/2024\/10\/Leaderboard-1-scaled.jpg\" width=\"2560\" height=\"317\" alt=\"\" class=\"wp-image-53656 alignnone size-full\"><\/p>\n<p>[\/et_pb_text][\/et_pb_column][\/et_pb_row][\/et_pb_section]<\/p>\n","protected":false},"excerpt":{"rendered":"<p>PROGEGROUP a le plaisir d&rsquo;annoncer sa pr\u00e9sence au salon Aluminium 2024 \u00e0 D\u00fcsseldorf, en Allemagne. Notre derni\u00e8re acquisition , SAMIS SYSTEMS, sera au centre de notre pr\u00e9sentation.Le vaste r\u00e9pertoire de Samis comprend des lignes de demboutissage et des lignes de coupe de bobines en aluminium et en acier, des syst\u00e8mes de palettisation, des moules et tous les accessoires n\u00e9cessaires pour la production de disques. Visitez-nous du 8 au 10 octobre 2024 au stand 5N11, Hall 5!<\/p>\n","protected":false},"author":3,"featured_media":53699,"comment_status":"open","ping_status":"open","sticky":false,"template":"","format":"standard","meta":{"_et_pb_use_builder":"on","_et_pb_old_content":"","_et_gb_content_width":"","footnotes":""},"categories":[16],"tags":[],"class_list":["post-53667","post","type-post","status-publish","format-standard","has-post-thumbnail","hentry","category-non-classifiee"],"_links":{"self":[{"href":"https:\/\/progegroup.com\/fr\/wp-json\/wp\/v2\/posts\/53667","targetHints":{"allow":["GET"]}}],"collection":[{"href":"https:\/\/progegroup.com\/fr\/wp-json\/wp\/v2\/posts"}],"about":[{"href":"https:\/\/progegroup.com\/fr\/wp-json\/wp\/v2\/types\/post"}],"author":[{"embeddable":true,"href":"https:\/\/progegroup.com\/fr\/wp-json\/wp\/v2\/users\/3"}],"replies":[{"embeddable":true,"href":"https:\/\/progegroup.com\/fr\/wp-json\/wp\/v2\/comments?post=53667"}],"version-history":[{"count":10,"href":"https:\/\/progegroup.com\/fr\/wp-json\/wp\/v2\/posts\/53667\/revisions"}],"predecessor-version":[{"id":53696,"href":"https:\/\/progegroup.com\/fr\/wp-json\/wp\/v2\/posts\/53667\/revisions\/53696"}],"wp:featuredmedia":[{"embeddable":true,"href":"https:\/\/progegroup.com\/fr\/wp-json\/wp\/v2\/media\/53699"}],"wp:attachment":[{"href":"https:\/\/progegroup.com\/fr\/wp-json\/wp\/v2\/media?parent=53667"}],"wp:term":[{"taxonomy":"category","embeddable":true,"href":"https:\/\/progegroup.com\/fr\/wp-json\/wp\/v2\/categories?post=53667"},{"taxonomy":"post_tag","embeddable":true,"href":"https:\/\/progegroup.com\/fr\/wp-json\/wp\/v2\/tags?post=53667"}],"curies":[{"name":"wp","href":"https:\/\/api.w.org\/{rel}","templated":true}]}}